{"id":235,"date":"2020-04-13T17:16:58","date_gmt":"2020-04-13T16:16:58","guid":{"rendered":"https:\/\/www.darrna.com\/blog\/?p=235"},"modified":"2022-11-05T06:04:37","modified_gmt":"2022-11-05T05:04:37","slug":"taxe-denlevement-des-ordures-menageres-en-algerie","status":"publish","type":"post","link":"https:\/\/www.darrna.com\/blog\/taxe-denlevement-des-ordures-menageres-en-algerie\/","title":{"rendered":"Taxe d&#8217;enl\u00e8vement des ordures m\u00e9nag\u00e8res en Alg\u00e9rie"},"content":{"rendered":"\n<p>la taxe d&#8217;enl\u00e8vement d&#8217;ordures m\u00e9nag\u00e8res est \u00e9tablie au profit des communes qui assurent un service d&#8217;enl\u00e8vement des ordures m\u00e9nag\u00e8res.<br> <br> C\u2019est une taxe annuelle d&#8217;enl\u00e8vement des\u00a0ordures m\u00e9nag\u00e8res exigible\u00a0\u00e0 toutes les propri\u00e9t\u00e9s b\u00e2ties.<br> <br> La taxe d&#8217;enl\u00e8vement des ordures m\u00e9nag\u00e8res est toute \u00e0 fait ind\u00e9pendante du volume des ordures pr\u00e9sent\u00e9 \u00e0 la collecte et reste due int\u00e9gralement m\u00eame en l&#8217;absence totale et constante d&#8217;ordures.<br> <br> La\u00a0<strong>taxe sur les d\u00e9chets m\u00e9nagers<\/strong>\u00a0(Taxe d&#8217;enl\u00e8vement des ordures m\u00e9nag\u00e8res en Alg\u00e9rie) est pr\u00e9lev\u00e9e pour financer la collecte des d\u00e9chets m\u00e9nagers.<br> <br> <\/p>\n\n\n\n<h3><strong>Qui supporte la Taxe d\u2019enl\u00e8vement des ordures\nm\u00e9nag\u00e8res?<\/strong><\/h3>\n\n\n\n<p>La taxe d&#8217;enl\u00e8vement des ordures m\u00e9nag\u00e8res est \u00e9tablie\nannuellement au nom des propri\u00e9taires ou&nbsp;<strong>usufruitiers<\/strong>.<br>\n<br>\nLa taxe d&#8217;enl\u00e8vement des ordures m\u00e9nag\u00e8res en Alg\u00e9rie&nbsp;<strong>est \u00e0 la charge\ndu locataire<\/strong>. Toutefois, et pour son paiement elle peut \u00eatre recherch\u00e9\nd\u2019une mani\u00e8re conjointe et solidaire avec le propri\u00e9taire.<br>\n<br>\n<strong>Le montant de la taxe :<\/strong><\/p>\n\n\n\n<ul><li>Entre 500 DA et 1.000 DA par habitation ,<\/li><li>Entre 1.000 DA et 10.000 par local commercial, professionnel ou artisanal ;<\/li><li>Entre 5.000 DA et 20.000 DA pour le terrain am\u00e9nag\u00e9 pour camping ;<\/li><li>Entre 10.000 et 100.000 DA par local industriel, commercial, artisanal      produisant des quantit\u00e9s de d\u00e9chets sup\u00e9rieures aux cat\u00e9gories cit\u00e9es plus      haut (usines, supermarch\u00e9s\u2026).<\/li><\/ul>\n\n\n\n<p>Les tarifs applicables dans chaque commune sont d\u00e9termin\u00e9s\npar arr\u00eat\u00e9 du prescient de l\u2019APC (maire) sur d\u00e9lib\u00e9ration de l&#8217;assembl\u00e9e\npopulaire communale..<br>\n<br>\n<strong>Abattements<\/strong><\/p>\n\n\n\n<p>Dans les communes qui pratiquent le tri s\u00e9lectif, la taxe\nsera rembours\u00e9 \u00e0 concurrence de 15 % \u00e0 chaque m\u00e9nage qui remettra au niveau de\nl&#8217;installation de traitement des d\u00e9chets (compostables et \/ou recyclables).<\/p>\n\n\n\n<h3><strong>Exemptions (exon\u00e9rations)<\/strong><\/h3>\n\n\n\n<p>Sont exon\u00e9r\u00e9es (ne paient pas) de la taxe d&#8217;enl\u00e8vement des ordures m\u00e9nag\u00e8res, les propri\u00e9t\u00e9s b\u00e2ties qui ne b\u00e9n\u00e9ficient pas des services d&#8217;enl\u00e8vement des ordures m\u00e9nag\u00e8res.<\/p>\n\n\n\n<h3><br> <strong>R\u00e9gime de r\u00e9clamation<\/strong><\/h3>\n\n\n\n<p>Les r\u00e9clamations sont introduites dans les formes et d\u00e9lais de la&nbsp;<a href=\"https:\/\/www.darrna.com\/blog\/demarche-et-reglementations\/taxe-fonciere-sur-les-proprietes-non-baties\/\">taxe fonci\u00e8re<\/a><\/p>\n","protected":false},"excerpt":{"rendered":"<p>la taxe d&#8217;enl\u00e8vement d&#8217;ordures m\u00e9nag\u00e8res est \u00e9tablie au profit des communes qui assurent un service d&#8217;enl\u00e8vement des ordures m\u00e9nag\u00e8res. C\u2019est une taxe annuelle d&#8217;enl\u00e8vement des\u00a0ordures&#8230;<\/p>\n","protected":false},"author":2,"featured_media":240,"comment_status":"open","ping_status":"open","sticky":false,"template":"","format":"standard","meta":[],"categories":[10,29],"tags":[],"yoast_head":"<!-- This site is optimized with the Yoast SEO plugin v15.2.1 - https:\/\/yoast.com\/wordpress\/plugins\/seo\/ -->\n<title>Taxe d&#039;enl\u00e8vement d&#039;ordures m\u00e9nag\u00e8res en Alg\u00e9rie - Darrna.com<\/title>\n<meta name=\"description\" content=\"La Taxe d&#039;enl\u00e8vement d&#039;ordures m\u00e9nag\u00e8res est \u00e9tablie au profit des communes qui assurent un service d&#039;enl\u00e8vement des ordures m\u00e9nag\u00e8res.\" \/>\n<meta name=\"robots\" content=\"index, follow, max-snippet:-1, max-image-preview:large, max-video-preview:-1\" \/>\n<link rel=\"canonical\" href=\"https:\/\/www.darrna.com\/blog\/taxe-denlevement-des-ordures-menageres-en-algerie\/\" \/>\n<meta property=\"og:locale\" content=\"fr_FR\" \/>\n<meta property=\"og:type\" content=\"article\" \/>\n<meta property=\"og:title\" content=\"Taxe d&#039;enl\u00e8vement d&#039;ordures m\u00e9nag\u00e8res en Alg\u00e9rie - Darrna.com\" \/>\n<meta property=\"og:description\" content=\"La Taxe d&#039;enl\u00e8vement d&#039;ordures m\u00e9nag\u00e8res est \u00e9tablie au profit des communes qui assurent un service d&#039;enl\u00e8vement des ordures m\u00e9nag\u00e8res.\" \/>\n<meta property=\"og:url\" content=\"https:\/\/www.darrna.com\/blog\/taxe-denlevement-des-ordures-menageres-en-algerie\/\" \/>\n<meta property=\"og:site_name\" content=\"Darrna\" \/>\n<meta property=\"article:publisher\" content=\"https:\/\/www.facebook.com\/darrnacom\/?eid=ARBZmZnKdpYvGiaHEvhJ_kUWD73BoAB485WDRWgqgxfP4K_W2nRbQrJgZD0IhpXO5KOdG9S6t1-nDHe5\" \/>\n<meta property=\"article:published_time\" content=\"2020-04-13T16:16:58+00:00\" \/>\n<meta property=\"article:modified_time\" content=\"2022-11-05T05:04:37+00:00\" \/>\n<meta property=\"og:image\" content=\"https:\/\/www.darrna.com\/blog\/wp-content\/uploads\/2020\/04\/Taxe-denl\u00e8vement-des-ordures-m\u00e9nag\u00e8res.jpg\" \/>\n\t<meta property=\"og:image:width\" content=\"424\" \/>\n\t<meta property=\"og:image:height\" content=\"283\" \/>\n<meta name=\"twitter:card\" content=\"summary\" \/>\n<meta name=\"twitter:label1\" content=\"\u00c9crit par\">\n\t<meta name=\"twitter:data1\" content=\"R\u00e9daction Darrna\">\n\t<meta name=\"twitter:label2\" content=\"Dur\u00e9e de lecture est.\">\n\t<meta name=\"twitter:data2\" content=\"1 minute\">\n<script type=\"application\/ld+json\" class=\"yoast-schema-graph\">{\"@context\":\"https:\/\/schema.org\",\"@graph\":[{\"@type\":\"WebSite\",\"@id\":\"https:\/\/www.darrna.com\/blog\/#website\",\"url\":\"https:\/\/www.darrna.com\/blog\/\",\"name\":\"darrna\",\"description\":\"Conseils immobiliers\",\"potentialAction\":[{\"@type\":\"SearchAction\",\"target\":\"https:\/\/www.darrna.com\/blog\/?s={search_term_string}\",\"query-input\":\"required name=search_term_string\"}],\"inLanguage\":\"fr-FR\"},{\"@type\":\"ImageObject\",\"@id\":\"https:\/\/www.darrna.com\/blog\/taxe-denlevement-des-ordures-menageres-en-algerie\/#primaryimage\",\"inLanguage\":\"fr-FR\",\"url\":\"https:\/\/www.darrna.com\/blog\/wp-content\/uploads\/2020\/04\/Taxe-denl\\u00e8vement-des-ordures-m\\u00e9nag\\u00e8res.jpg\",\"width\":424,\"height\":283,\"caption\":\"Taxe enl\\u00e8vement des ordures m\\u00e9nag\\u00e8res en Alg\\u00e9rie\"},{\"@type\":\"WebPage\",\"@id\":\"https:\/\/www.darrna.com\/blog\/taxe-denlevement-des-ordures-menageres-en-algerie\/#webpage\",\"url\":\"https:\/\/www.darrna.com\/blog\/taxe-denlevement-des-ordures-menageres-en-algerie\/\",\"name\":\"Taxe d'enl\\u00e8vement d'ordures m\\u00e9nag\\u00e8res en Alg\\u00e9rie - Darrna.com\",\"isPartOf\":{\"@id\":\"https:\/\/www.darrna.com\/blog\/#website\"},\"primaryImageOfPage\":{\"@id\":\"https:\/\/www.darrna.com\/blog\/taxe-denlevement-des-ordures-menageres-en-algerie\/#primaryimage\"},\"datePublished\":\"2020-04-13T16:16:58+00:00\",\"dateModified\":\"2022-11-05T05:04:37+00:00\",\"author\":{\"@id\":\"https:\/\/www.darrna.com\/blog\/#\/schema\/person\/4e3ed397758b4c20b5816c0d39f1eb3d\"},\"description\":\"La Taxe d'enl\\u00e8vement d'ordures m\\u00e9nag\\u00e8res est \\u00e9tablie au profit des communes qui assurent un service d'enl\\u00e8vement des ordures m\\u00e9nag\\u00e8res.\",\"inLanguage\":\"fr-FR\",\"potentialAction\":[{\"@type\":\"ReadAction\",\"target\":[\"https:\/\/www.darrna.com\/blog\/taxe-denlevement-des-ordures-menageres-en-algerie\/\"]}]},{\"@type\":\"Person\",\"@id\":\"https:\/\/www.darrna.com\/blog\/#\/schema\/person\/4e3ed397758b4c20b5816c0d39f1eb3d\",\"name\":\"R\\u00e9daction Darrna\",\"image\":{\"@type\":\"ImageObject\",\"@id\":\"https:\/\/www.darrna.com\/blog\/#personlogo\",\"inLanguage\":\"fr-FR\",\"url\":\"https:\/\/secure.gravatar.com\/avatar\/8c56e10d6ac75023d8f9215b3de0bc4e?s=96&d=mm&r=g\",\"caption\":\"R\\u00e9daction Darrna\"}}]}<\/script>\n<!-- \/ Yoast SEO plugin. -->","_links":{"self":[{"href":"https:\/\/www.darrna.com\/blog\/wp-json\/wp\/v2\/posts\/235"}],"collection":[{"href":"https:\/\/www.darrna.com\/blog\/wp-json\/wp\/v2\/posts"}],"about":[{"href":"https:\/\/www.darrna.com\/blog\/wp-json\/wp\/v2\/types\/post"}],"author":[{"embeddable":true,"href":"https:\/\/www.darrna.com\/blog\/wp-json\/wp\/v2\/users\/2"}],"replies":[{"embeddable":true,"href":"https:\/\/www.darrna.com\/blog\/wp-json\/wp\/v2\/comments?post=235"}],"version-history":[{"count":3,"href":"https:\/\/www.darrna.com\/blog\/wp-json\/wp\/v2\/posts\/235\/revisions"}],"predecessor-version":[{"id":252,"href":"https:\/\/www.darrna.com\/blog\/wp-json\/wp\/v2\/posts\/235\/revisions\/252"}],"wp:featuredmedia":[{"embeddable":true,"href":"https:\/\/www.darrna.com\/blog\/wp-json\/wp\/v2\/media\/240"}],"wp:attachment":[{"href":"https:\/\/www.darrna.com\/blog\/wp-json\/wp\/v2\/media?parent=235"}],"wp:term":[{"taxonomy":"category","embeddable":true,"href":"https:\/\/www.darrna.com\/blog\/wp-json\/wp\/v2\/categories?post=235"},{"taxonomy":"post_tag","embeddable":true,"href":"https:\/\/www.darrna.com\/blog\/wp-json\/wp\/v2\/tags?post=235"}],"curies":[{"name":"wp","href":"https:\/\/api.w.org\/{rel}","templated":true}]}}